{"id":618,"date":"2020-07-19T16:30:42","date_gmt":"2020-07-19T14:30:42","guid":{"rendered":"http:\/\/goldschmiede-auf-der-tromm.de\/?p=618"},"modified":"2020-07-19T16:30:47","modified_gmt":"2020-07-19T14:30:47","slug":"kunsthandwerkmarkt-tromm-2020","status":"publish","type":"post","link":"https:\/\/goldschmiede-auf-der-tromm.de\/?p=618","title":{"rendered":"KunstHandWerkMarkt Tromm 2020"},"content":{"rendered":"<p>Liebe Freunde, Kunden und Interessierte.<\/p>\n<p>Leider wird in diesem Jahr unser KunstHandWerkMarkt Tromm &#8222;Coronabedingt&#8220; nicht stattfinden k\u00f6nnen.<\/p>\n<p>Wir Alle freuen uns aber schon auf einen fr\u00f6hlichen, bunten, stimmungsvollen und sommerlichen Markt am ersten Sonntag im August 2021!<\/p>\n<p>Nat\u00fcrlich hoffen wir Euch da alle wieder zu treffen und werden mit guter Stimmung, handwerklichen Einzelst\u00fccken, besonderen Kunstgen\u00fcssen und lukullischen K\u00f6stlichkeiten f\u00fcr Euch da sein.<\/p>\n<p>Bis zum n\u00e4chsten Jahr! Goldschmiede Auf der Tromm und alle Mitaussteller<\/p>\n","protected":false},"excerpt":{"rendered":"<p>Liebe Freunde, Kunden und Interessierte. Leider wird in diesem Jahr unser KunstHandWerkMarkt Tromm &#8222;Coronabedingt&#8220; nicht stattfinden k\u00f6nnen. Wir Alle freuen uns aber schon auf einen fr\u00f6hlichen, bunten, stimmungsvollen und sommerlichen Markt am ersten Sonntag im August 2021! Nat\u00fcrlich hoffen wir Euch da alle wieder zu treffen und werden mit guter<span class=\"excerpt-hellip\"> [\u2026]<\/span><\/p>\n","protected":false},"author":2,"featured_media":617,"comment_status":"closed","ping_status":"open","sticky":false,"template":"","format":"standard","meta":{"footnotes":""},"categories":[1,6],"tags":[155,146,105,154,28,156,62],"class_list":["post-618","post","type-post","status-publish","format-standard","has-post-thumbnail","hentry","category-allgemein","category-neuigkeiten","tag-ausstellung-2020","tag-corona","tag-erster-sonntag-im-august","tag-kunsthandwerkmarkt-tromm-2020","tag-neuigkeiten","tag-termine","tag-trommer-sommer"],"_links":{"self":[{"href":"https:\/\/goldschmiede-auf-der-tromm.de\/index.php?rest_route=\/wp\/v2\/posts\/618","targetHints":{"allow":["GET"]}}],"collection":[{"href":"https:\/\/goldschmiede-auf-der-tromm.de\/index.php?rest_route=\/wp\/v2\/posts"}],"about":[{"href":"https:\/\/goldschmiede-auf-der-tromm.de\/index.php?rest_route=\/wp\/v2\/types\/post"}],"author":[{"embeddable":true,"href":"https:\/\/goldschmiede-auf-der-tromm.de\/index.php?rest_route=\/wp\/v2\/users\/2"}],"replies":[{"embeddable":true,"href":"https:\/\/goldschmiede-auf-der-tromm.de\/index.php?rest_route=%2Fwp%2Fv2%2Fcomments&post=618"}],"version-history":[{"count":1,"href":"https:\/\/goldschmiede-auf-der-tromm.de\/index.php?rest_route=\/wp\/v2\/posts\/618\/revisions"}],"predecessor-version":[{"id":619,"href":"https:\/\/goldschmiede-auf-der-tromm.de\/index.php?rest_route=\/wp\/v2\/posts\/618\/revisions\/619"}],"wp:featuredmedia":[{"embeddable":true,"href":"https:\/\/goldschmiede-auf-der-tromm.de\/index.php?rest_route=\/wp\/v2\/media\/617"}],"wp:attachment":[{"href":"https:\/\/goldschmiede-auf-der-tromm.de\/index.php?rest_route=%2Fwp%2Fv2%2Fmedia&parent=618"}],"wp:term":[{"taxonomy":"category","embeddable":true,"href":"https:\/\/goldschmiede-auf-der-tromm.de\/index.php?rest_route=%2Fwp%2Fv2%2Fcategories&post=618"},{"taxonomy":"post_tag","embeddable":true,"href":"https:\/\/goldschmiede-auf-der-tromm.de\/index.php?rest_route=%2Fwp%2Fv2%2Ftags&post=618"}],"curies":[{"name":"wp","href":"https:\/\/api.w.org\/{rel}","templated":true}]}}